{"id":363,"date":"2026-08-30T16:00:00","date_gmt":"2026-08-30T15:00:00","guid":{"rendered":"https:\/\/parafia-nockowa.pl\/?p=363"},"modified":"2026-08-30T10:33:11","modified_gmt":"2026-08-30T09:33:11","slug":"intencje-mszalne-31-08-06-09-2026","status":"publish","type":"post","link":"https:\/\/parafia-nockowa.pl\/index.php\/2026\/08\/30\/intencje-mszalne-31-08-06-09-2026\/","title":{"rendered":"Intencje mszalne 31.08-06.09.2026"},"content":{"rendered":"\n<figure class=\"wp-block-table\"><table class=\"has-fixed-layout\"><tbody><tr><td class=\"has-text-align-center\" data-align=\"center\" colspan=\"2\"><strong>INTENCJE MSZALNE<\/strong><\/td><td><strong>31. 08 &#8211; 6. 09. 2026<\/strong><\/td><\/tr><tr><td class=\"has-text-align-center\" data-align=\"center\" colspan=\"3\"><strong>PONIEDZIA\u0141EK <\/strong>(31 SIERPNIA)<\/td><\/tr><tr><td class=\"has-text-align-center\" data-align=\"center\">6.30<\/td><td colspan=\"2\"><strong>O zdrowie dla Marii od c\u00f3rki Jadwigi<\/strong><br><strong>+ Bogdan \u0141yszczak od rodziny<\/strong><\/td><\/tr><tr><td class=\"has-text-align-center\" data-align=\"center\">18.00<\/td><td colspan=\"2\"><strong>+ Helena Wiesnowska w rocznic\u0119 \u015bmierci<\/strong><br><strong>+ Maria (w 26 rocznic\u0119 \u015bmierci) i Tadeusz Siewierscy<\/strong><\/td><\/tr><tr><td class=\"has-text-align-center\" data-align=\"center\" colspan=\"3\"><strong>WTOREK <\/strong>(1WRZE\u015aNIA)<\/td><\/tr><tr><td class=\"has-text-align-center\" data-align=\"center\">6.30<\/td><td colspan=\"2\"><strong>+ \u0141ukasz Sok\u00f3\u0142ka<\/strong><strong><\/strong><\/td><\/tr><tr><td class=\"has-text-align-center\" data-align=\"center\"><strong>8.00 Nockowa<\/strong><\/td><td colspan=\"2\"><strong>Rozpocz\u0119cie roku szkolnego<\/strong><\/td><\/tr><tr><td class=\"has-text-align-center\" data-align=\"center\"><strong>9.00 Wiercany<\/strong><\/td><td colspan=\"2\"><strong>Rozpocz\u0119cie roku szkolnego<\/strong><\/td><\/tr><tr><td class=\"has-text-align-center\" data-align=\"center\">18.00<\/td><td colspan=\"2\"><strong>+ Zdzis\u0142aw Sk\u00f3ra od syna Tadeusza<\/strong><br><strong>+ Kazimierz i Bronis\u0142awa z racji imienin od c\u00f3rki<\/strong><\/td><\/tr><tr><td class=\"has-text-align-center\" data-align=\"center\" colspan=\"3\"><strong>\u015aRODA <\/strong>(2 WRZE\u015aNIA)<\/td><\/tr><tr><td class=\"has-text-align-center\" data-align=\"center\">6.30<\/td><td colspan=\"2\"><strong>+ Anna i J\u00f3zef Stasik<\/strong><br><strong>+ Wies\u0142aw Piz\u0142o w 7 dzie\u0144 po \u015bmierci od rodziny<\/strong><\/td><\/tr><tr><td class=\"has-text-align-center\" data-align=\"center\">18.00<strong><em><\/em><\/strong><\/td><td colspan=\"2\"><strong>+ Stefania i Franciszek Filipek<\/strong><br><strong>+ Mieczys\u0142aw Siewierski od kole\u017canki z klasy Heleny M\u0119dryga\u0142<\/strong><\/td><\/tr><tr><td class=\"has-text-align-center\" data-align=\"center\"><strong>18.00 B\u0119dzienica<\/strong><\/td><td colspan=\"2\"><strong>+ Jan i Janina Chorz\u0119pa w rocznic\u0119 \u015bmierci<\/strong><\/td><\/tr><tr><td class=\"has-text-align-center\" data-align=\"center\" colspan=\"3\"><strong>CZWARTEK <\/strong>(3 WRZE\u015aNIA)<\/td><\/tr><tr><td class=\"has-text-align-center\" data-align=\"center\">6.30<\/td><td colspan=\"2\"><strong>+ Jan Stasik<\/strong> <strong>+ Mieczys\u0142aw \u017buczek w 30 dzie\u0144 po \u015bmierci od dzieci<\/strong><\/td><\/tr><tr><td class=\"has-text-align-center\" data-align=\"center\">18.00<\/td><td colspan=\"2\"><strong>+ Jan Toton w rocznic\u0119 \u015bmierci<\/strong><br><strong>+ Ignacy Wiater w rocznic\u0119 \u015bmierci<\/strong><br><strong>+ Henryk Filipek w 30 dzie\u0144 po \u015bmierci od c\u00f3rki Wies\u0142awy z rodzin\u0105<\/strong><\/td><\/tr><tr><td class=\"has-text-align-center\" data-align=\"center\" colspan=\"3\"><strong>PI\u0104TEK <\/strong>(4 WRZE\u015aNIA)<\/td><\/tr><tr><td class=\"has-text-align-center\" data-align=\"center\">6.30<\/td><td colspan=\"2\"><strong>+ Joanna i Eugeniusz Stec<\/strong><\/td><\/tr><tr><td class=\"has-text-align-center\" data-align=\"center\"><strong>7.00 Wiercany<\/strong><\/td><td colspan=\"2\"><strong>O uzdrowienie Jana<\/strong><\/td><\/tr><tr><td class=\"has-text-align-center\" data-align=\"center\">18.00<\/td><td colspan=\"2\"><strong>+ Aniela M\u0119dryga\u0142 w 3 rocznic\u0119 \u015bmierci od dzieci<\/strong><\/td><\/tr><tr><td class=\"has-text-align-center\" data-align=\"center\"><strong>18.00 B\u0119dzienica<\/strong><\/td><td colspan=\"2\"><strong>+ Kazimierz Kici\u0144ski w rocznic\u0119 \u015bmierci<\/strong><\/td><\/tr><tr><td class=\"has-text-align-center\" data-align=\"center\" colspan=\"3\"><strong>&nbsp;<\/strong> <strong>SOBOTA <\/strong>(5 WRZE\u015aNIA)<\/td><\/tr><tr><td class=\"has-text-align-center\" data-align=\"center\">6.30<\/td><td colspan=\"2\"><strong>+ Maria (w rocznic\u0119 \u015bmierci) i Henryk Ciosek<\/strong><br><strong>+ Bogdan Dutka od rodziny Paj\u0105k<\/strong><\/td><\/tr><tr><td class=\"has-text-align-center\" data-align=\"center\">18.00<\/td><td colspan=\"2\"><strong>+ Irena Pokusa w 10 rocznic\u0119 \u015bmierci<\/strong><br><strong>+++ Za dusze w czy\u015b\u0107cu cierpi\u0105ce<\/strong><\/td><\/tr><tr><td class=\"has-text-align-center\" data-align=\"center\" colspan=\"3\"><strong>NIEDZIELA <\/strong>(6 WRZE\u015aNIA)<\/td><\/tr><tr><td class=\"has-text-align-center\" data-align=\"center\">7.00<\/td><td colspan=\"2\"><strong>O b\u0142ogos\u0142awie\u0144stwo Bo\u017ce i opiek\u0119 Matki Bo\u017cej dla Barbary i Piotra w 13 rocznic\u0119 \u015blubu<\/strong><strong><\/strong><\/td><\/tr><tr><td class=\"has-text-align-center\" data-align=\"center\"><strong>8.00 Wiercany<\/strong><\/td><td colspan=\"2\"><strong>+ Roman Idzik w 30 rocznic\u0119 \u015bmierci<\/strong><strong><\/strong><\/td><\/tr><tr><td class=\"has-text-align-center\" data-align=\"center\">9.15<\/td><td colspan=\"2\"><strong>+ Czes\u0142aw M\u0119dryga\u0142 z okazji urodzin<\/strong><strong><\/strong><\/td><\/tr><tr><td class=\"has-text-align-center\" data-align=\"center\"><strong>9.45 B\u0119dzienica<\/strong><\/td><td colspan=\"2\"><strong>+ Maria i Julian Toton<\/strong><\/td><\/tr><tr><td class=\"has-text-align-center\" data-align=\"center\">11.00<\/td><td colspan=\"2\"><strong>Za parafian<\/strong><strong><\/strong><\/td><\/tr><tr><td class=\"has-text-align-center\" data-align=\"center\">15.30<\/td><td colspan=\"2\"><strong>Za Ma\u0142gorzat\u0119 i \u0141ukasza w 15 rocznic\u0119 \u015blubu dzi\u0119kczynna z pro\u015bb\u0105 o&nbsp;b\u0142ogos\u0142awie\u0144stwo Bo\u017ce z intencji rodzic\u00f3w z Przeworska<\/strong><strong><\/strong><\/td><\/tr><\/tbody><\/table><\/figure>\n","protected":false},"excerpt":{"rendered":"<p>INTENCJE MSZALNE 31. 08 &#8211; 6. 09. 2026 PONIEDZIA\u0141EK (31 SIERPNIA) 6.30 O zdrowie dla Marii od c\u00f3rki Jadwigi+ Bogdan \u0141yszczak od rodziny 18.00 + Helena Wiesnowska w rocznic\u0119 \u015bmierci+ Maria (w 26 rocznic\u0119 \u015bmierci) i Tadeusz Siewierscy WTOREK (1WRZE\u015aNIA) 6.30 + \u0141ukasz Sok\u00f3\u0142ka 8.00 Nockowa Rozpocz\u0119cie roku szkolnego 9.00 Wiercany Rozpocz\u0119cie roku szkolnego 18.00 &hellip; <\/p>\n<p class=\"link-more\"><a href=\"https:\/\/parafia-nockowa.pl\/index.php\/2026\/08\/30\/intencje-mszalne-31-08-06-09-2026\/\" class=\"more-link\">Czytaj dalej<span class=\"screen-reader-text\"> \u201eIntencje mszalne 31.08-06.09.2026\u201d<\/span><\/a><\/p>\n","protected":false},"author":1,"featured_media":0,"comment_status":"closed","ping_status":"open","sticky":false,"template":"","format":"standard","meta":{"footnotes":""},"categories":[7],"tags":[],"class_list":["post-363","post","type-post","status-publish","format-standard","hentry","category-intencje-mszalne"],"_links":{"self":[{"href":"https:\/\/parafia-nockowa.pl\/index.php\/wp-json\/wp\/v2\/posts\/363","targetHints":{"allow":["GET"]}}],"collection":[{"href":"https:\/\/parafia-nockowa.pl\/index.php\/wp-json\/wp\/v2\/posts"}],"about":[{"href":"https:\/\/parafia-nockowa.pl\/index.php\/wp-json\/wp\/v2\/types\/post"}],"author":[{"embeddable":true,"href":"https:\/\/parafia-nockowa.pl\/index.php\/wp-json\/wp\/v2\/users\/1"}],"replies":[{"embeddable":true,"href":"https:\/\/parafia-nockowa.pl\/index.php\/wp-json\/wp\/v2\/comments?post=363"}],"version-history":[{"count":1,"href":"https:\/\/parafia-nockowa.pl\/index.php\/wp-json\/wp\/v2\/posts\/363\/revisions"}],"predecessor-version":[{"id":364,"href":"https:\/\/parafia-nockowa.pl\/index.php\/wp-json\/wp\/v2\/posts\/363\/revisions\/364"}],"wp:attachment":[{"href":"https:\/\/parafia-nockowa.pl\/index.php\/wp-json\/wp\/v2\/media?parent=363"}],"wp:term":[{"taxonomy":"category","embeddable":true,"href":"https:\/\/parafia-nockowa.pl\/index.php\/wp-json\/wp\/v2\/categories?post=363"},{"taxonomy":"post_tag","embeddable":true,"href":"https:\/\/parafia-nockowa.pl\/index.php\/wp-json\/wp\/v2\/tags?post=363"}],"curies":[{"name":"wp","href":"https:\/\/api.w.org\/{rel}","templated":true}]}}